{"id":709,"date":"2024-07-19T06:35:15","date_gmt":"2024-07-19T05:35:15","guid":{"rendered":"https:\/\/padereducation.de\/?p=709"},"modified":"2024-08-26T16:00:19","modified_gmt":"2024-08-26T15:00:19","slug":"die-strandmetapher","status":"publish","type":"post","link":"https:\/\/padereducation.de\/?p=709","title":{"rendered":"Die Strandmetapher"},"content":{"rendered":"<span class=\"span-reading-time rt-reading-time\" style=\"display: block;\"><span class=\"rt-label rt-prefix\">Lesedauer<\/span> <span class=\"rt-time\"> 7<\/span> <span class=\"rt-label rt-postfix\">Minuten<\/span><\/span>\n<p>CC BY-SA 4.0 J\u00f6rg B\u00fccker <\/p>\n\n\n\n<figure class=\"wp-block-image size-full is-style-default\"><img decoding=\"async\" width=\"957\" height=\"481\" src=\"https:\/\/padereducation.de\/wp-content\/uploads\/2024\/07\/Strandgrafik-mit-Palmen-Bergen-und-verschiedenen-Meerestiefen.png\" alt=\"Strand als Grafik\" class=\"wp-image-711\" srcset=\"https:\/\/padereducation.de\/wp-content\/uploads\/2024\/07\/Strandgrafik-mit-Palmen-Bergen-und-verschiedenen-Meerestiefen.png 957w, https:\/\/padereducation.de\/wp-content\/uploads\/2024\/07\/Strandgrafik-mit-Palmen-Bergen-und-verschiedenen-Meerestiefen-300x151.png 300w, https:\/\/padereducation.de\/wp-content\/uploads\/2024\/07\/Strandgrafik-mit-Palmen-Bergen-und-verschiedenen-Meerestiefen-768x386.png 768w, https:\/\/padereducation.de\/wp-content\/uploads\/2024\/07\/Strandgrafik-mit-Palmen-Bergen-und-verschiedenen-Meerestiefen-400x201.png 400w, https:\/\/padereducation.de\/wp-content\/uploads\/2024\/07\/Strandgrafik-mit-Palmen-Bergen-und-verschiedenen-Meerestiefen-800x402.png 800w\" sizes=\"(max-width: 957px) 100vw, 957px\" \/><\/figure>\n\n\n\n<h5 class=\"wp-block-heading\">Einleitung<\/h5>\n\n\n\n<p>Der Strand \u2013 ein Bereich, an dem das Land das Meer ber\u00fchrt und eine Metapher f\u00fcr die \u00dcberg\u00e4nge und Ver\u00e4nderungen im Schulleben. Hier treffen unterschiedliche Welten aufeinander: das vermeintlich best\u00e4ndige Land und das unvorhersehbare Meer. Der Strand symbolisiert den \u00dcbergang zwischen dem Bekannten und dem Unbekannten, zwischen Sicherheit und Abenteuer. Genau wie die Wellen, die kontinuierlich an die K\u00fcste schlagen, bringt das Leben Ver\u00e4nderungen und Herausforderungen mit sich. Diese st\u00e4ndige Bewegung und der Wandel erinnern uns daran, dass nichts im Leben statisch ist. Der Strand l\u00e4dt uns ein, \u00fcber die eigenen Grenzen hinwegzusehen, die unsere Komfortzonen definieren, und den Mut zu finden, neue Wege zu beschreiten. Er lehrt uns, dass jeder Anfang ein Ende in sich tr\u00e4gt und jedes Ende einen neuen Anfang bedeutet.<\/p>\n\n\n\n<h4 class=\"wp-block-heading\">Die Strandmetapher<\/h4>\n\n\n\n<p><strong>Die Schulentwicklung gleicht einem Strandleben<\/strong>, wo jede einzelne Komponente eine tiefere Bedeutung in sich tragen kann. Symbolisiert der <strong>Strand<\/strong> selbst das Bildungsumfeld, das System Schule, so stellt er einen Ort da, an dem Lernende und Lehrende in kommunikativer Gemeinschaft pr\u00e4sent zusammenkommen, um ihr Wissen &#8211; vielleicht beim Bau von Sandburgen &#8211; zu teilen und auf jeden Fall gemeinsame (Prim\u00e4r-)Erfahrungen zu machen.<\/p>\n\n\n\n<p>Der <strong>Sand<\/strong> kann in dieser Metapher f\u00fcr die Grundlagen und Prinzipien der Bildung stehen. Wird er von einer gezielten Menge an Wasser durchfeuchtet, so ist er formstabil und man kann mit ihm durchaus hohe und gro\u00dfe Burgen bauen, wobei aber nicht jeder Strand gleich ist. Wird eine Sandburg aber nicht stetig weitergebaut und in Ruhe gelassen, so ebnet das Meerwasser den Sand wieder ein. Der Sand ist die Basis, auf dem alles aufgebaut werden kann, doch wie Sandk\u00f6rner sich durch den Wind und die Wellen verschieben, m\u00fcssen auch Bildungsprinzipien und die p\u00e4dagogischen Grundlagen flexibel und anpassungsf\u00e4hig genutzt werden, um den sich ver\u00e4ndernden Bed\u00fcrfnissen der Gesellschaften gerecht zu werden. Am <strong>Strand<\/strong> k\u00f6nnen Burgen gebaut werden, er kann aber auch einfach nur der Erholung dienen Er ist aber auch der Ort, wo z.B. mit dem <strong>Treibgut<\/strong> die \u00dcberreste eines Schiffbruchs angesp\u00fclt werden.<\/p>\n\n\n\n<p>Betrachtet man sich das <strong>Strandleben<\/strong>, so spiegelt sich darin bei Jung und durchaus auch bei Alt die Freude und der Spa\u00df wider, die das Lernen und das Lehren bringen k\u00f6nnen. Wie Jugendliche und vor allem Junggebliebene, die am Strand spielen und neue Entdeckungen machen, k\u00f6nnen Lernende und auch Lehrende die Neugier und Begeisterung an diesen <strong>Prim\u00e4rerfahrungen<\/strong> erleben und pflegen.<\/p>\n\n\n\n<p>Zu einem Strand geh\u00f6ren auch <strong>Wellen<\/strong>. Sie repr\u00e4sentieren in der Strandmetapher die stetigen Ver\u00e4nderungen und Herausforderungen, denen sich die Schule stellen muss. Wellen kommen in verschiedenen Formen und Gr\u00f6\u00dfen vor, sind manchmal ruhig und sanft, manchmal heftig und von St\u00fcrmen begleitet. Wellen symbolisieren in der Strandmetapher auch neue p\u00e4dagogische Ans\u00e4tze, technologische Fortschritte und gesellschaftliche Erwartungen, die den Schulalltag beeinflussen und formen. Die gro\u00dfen Wellen sind dabei durchaus auch Erscheinungsformen von gro\u00dfen tektonischen Verwerfungen, von gesellschaftlichen Entwicklungen, die die Welt ein wenig in Wanken bringen.<\/p>\n\n\n\n<p>Doch der Strand birgt <strong>Anstrengungen<\/strong> und zum Teil auch gef\u00e4hrliche <strong>Herausforderungen<\/strong>, wie z.B. ein Anschwimmen gegen die Meeresstr\u00f6mung. Schulentwicklung erfordert oft ein hartes St\u00fcck Arbeit und Durchhalteverm\u00f6gen, einen langen Atem. Lehrende, Lernende, die Administratoren und die kreativ Gestaltenden m\u00fcssen gemeinsam gegen eine Vielzahl an Widerst\u00e4nden agieren, sei es bei der Implementierung neuer Lehrpl\u00e4ne, der Integration neuer Technologien, der Anpassung an neue Bildungsstandards oder auch im Hinblick auf ver\u00e4nderte gesellschaftliche Rahmenbedingungen. So manches Mal kann eine gro\u00dfe Anstrengung beim Schwimmen auch zu einem Gef\u00fchl der Erf\u00fcllung und St\u00e4rke f\u00fchren; man braucht einen langen Atem und ein gro\u00dfes und starkes Durchhalteverm\u00f6gen. Die Begleitung durch Gleichgesinnte kann dabei sehr hilfreich sein. Genauso kann eine erfolgreiche Schulentwicklung <strong>Selbstwirksamkeiterfahrungen<\/strong> erm\u00f6glichen und somit eine Weiterentwicklung entstehen lassen. Sie kann die Schulgemeinschaft st\u00e4rken und zeigen, dass trotz aller Herausforderungen der Weg des lebenslangen Lernens und der Weiterentwicklung lohnenswert ist.<\/p>\n\n\n\n<p>Als Beispiel f\u00fcr solche Herausforderungen mag an dieser Stelle eine weitere Metapher als Diskussionshilfe um den <strong>digitalen Mehrwert neuer Medien<\/strong> dienen, die bei der Einordnung einer <strong>Vielzahl an unterschiedlichen gro\u00dfen Wellen<\/strong> in den Erscheinungsformen von digitalen Endger\u00e4ten, Apps und Tools bis hin zur (allt\u00e4glichen) Nutzung von Large Languages Models wie ChatGPT &amp; Co in Erscheinung tritt: Die <strong>Pinguin-Medienmetapher<\/strong>. J\u00f6ran Muu\u00df-Merholz veranschaulicht hierbei die beiden Medienwelten eines Pinguins, das Land (in unserem Fall der Strand) und das Wasser. In beiden Medien ist der Pinguin zu Hause, in beiden hat und braucht er spezielle F\u00e4higkeiten. J\u00f6ran Muu\u00df-Merholz vergleicht beide Medienwelten durch Beschreibungen, stellt aber auch heraus, dass etwas in dem anderen Medium nur anders funktioniert. Da beide Medien nicht vergleichbare Bedingungen besitzen, verbietet sich eine Mehrwert-Diskussion durch qualitative Vergleiche. Somit ist eine \u00dcbertragung der Ma\u00dfst\u00e4be, die wir an die alten Medien angelegt haben, nicht sinnhaft auf die neuen Medien m\u00f6glich. Vielmehr geht es um <strong>eine Erkundung, ein entdecken der neuen Medienwelt<\/strong>.<br \/>Hierzu hat Ruben Puentedura bereits im Jahr 2006 das <strong>SAMR-Modell<\/strong> zur Analyse der technischen Integration entwickelt. Es misst den Grad der technologischen Integration auf vier Ebenen, die von einer Ersetzung bis zu einer Transformation reichen: <strong>S<\/strong>ubstitution, <strong>A<\/strong>ugmentation, <strong>M<\/strong>odification, <strong>R<\/strong>edefinition.<\/p>\n\n\n\n<h5 class=\"wp-block-heading\">Fazit \u2026<\/h5>\n\n\n\n<p><strong>Das Strandleben ist ein Spiegel der Schulentwicklung<\/strong> \u2013 eine Mischung aus sinnerf\u00fclltem Tun, dem &#8222;Einfach machen Prinzip&#8220;, einer konstruktiven und durchaus pragmatischen Begegnung mit den t\u00e4glichen Herausforderungen und den kontinuierlichen Ver\u00e4nderungen. Und f\u00fcr diejenigen, die sich ins oder auf das Meer begeben wollen, l\u00e4sst sich diese Strandmetapher noch weiter fortsetzen, bis zu einem Aufbruch zu neuen Ufern.<\/p>\n\n\n\n<h5 class=\"wp-block-heading\">\u2026 und Empfehlung<\/h5>\n\n\n\n<p>Begib dich gedanklich an den Strand, schau den kleinen und gr\u00f6\u00dferen Wellen zu, baue Sandburgen und beobachte dessen Verg\u00e4nglichkeit. Betrachte die Surfer auf dem Wasser, wie sie versuchen vor die Welle zu kommen, wie sie auf der Welle reiten und dabei ganz in ihrem Element sind. Vielleicht ergibt sich ja auch ein Gespr\u00e4ch mit einem Surfer, der dir von der Fokussiertheit beim Surfen berichtet. Schau den SchwimmerInnen im Wasser zu, denn auch sie stehen in Bezug zu den Wellen. Auch die Spazierg\u00e4ngerInnen am Strand treten in Resonanz zu ihrer Umgebung, ver\u00e4ndern ihre Gehgeschwindigkeit, weichen gr\u00f6\u00dferen Wellen vielleicht aus oder lassen sich ihre F\u00fc\u00dfe umsp\u00fclen. Gerade Kinder agieren intensiv mit diesem Wellenspiel. Betrachte es genau! Und vielleicht entdeckst du ja auch Schnorchler oder gar Taucher, die die Welt unter Wasser entdecken &#8211; lass dir von der Sch\u00f6nheit oder auch von den Ver\u00e4nderungen unter Wasser berichten oder schau selber einmal dort nach. Entdeckst du auch Boote oder Schiffe, die weit aufs offene Meer herausfahren, auf zu neuen Inseln? Diese Strandmetapher mag dir bei der Sortierung des komplexen Gef\u00fcges an Schulentwicklungsthemen und -begriffen helfen. Vergleiche hinken nat\u00fcrlich auch einmal und manchmal gehen sie auch zu weit, doch helfen sie bei der Einordnung und Kl\u00e4rung von Situationen, erst recht, wenn sie positiv behaftet sind. Einige Impressionen m\u00f6gen dir bereits hier und jetzt helfen (alle Fotos sind \u00fcbrigens lizenzfrei).<\/p>\n\n\n\n<h5 class=\"wp-block-heading\">Strandgef\u00fchle &#8211; Welcher Strandtyp bist du?<\/h5>\n\n\n\n<figure class=\"wp-block-image size-full is-resized\"><img decoding=\"async\" width=\"728\" height=\"455\" src=\"https:\/\/padereducation.de\/wp-content\/uploads\/2024\/07\/Beach-arena-azul-cielo-mar-wallpaper-preview.jpg\" alt=\"Surfer am Strand mit Schwimmenden\" class=\"wp-image-714\" style=\"width:840px;height:auto\" srcset=\"https:\/\/padereducation.de\/wp-content\/uploads\/2024\/07\/Beach-arena-azul-cielo-mar-wallpaper-preview.jpg 728w, https:\/\/padereducation.de\/wp-content\/uploads\/2024\/07\/Beach-arena-azul-cielo-mar-wallpaper-preview-300x188.jpg 300w, https:\/\/padereducation.de\/wp-content\/uploads\/2024\/07\/Beach-arena-azul-cielo-mar-wallpaper-preview-400x250.jpg 400w\" sizes=\"(max-width: 728px) 100vw, 728px\" \/><\/figure>\n\n\n\n<p><\/p>\n\n\n\n<figure class=\"wp-block-image size-large is-resized\"><img decoding=\"async\" width=\"1024\" height=\"683\" src=\"https:\/\/padereducation.de\/wp-content\/uploads\/2024\/07\/Beach-drink-on-beach-1024x683.jpg\" alt=\"Strand mit Cocktail\" class=\"wp-image-716\" style=\"width:840px;height:auto\" srcset=\"https:\/\/padereducation.de\/wp-content\/uploads\/2024\/07\/Beach-drink-on-beach-1024x683.jpg 1024w, https:\/\/padereducation.de\/wp-content\/uploads\/2024\/07\/Beach-drink-on-beach-300x200.jpg 300w, https:\/\/padereducation.de\/wp-content\/uploads\/2024\/07\/Beach-drink-on-beach-768x512.jpg 768w, https:\/\/padereducation.de\/wp-content\/uploads\/2024\/07\/Beach-drink-on-beach-1536x1024.jpg 1536w, https:\/\/padereducation.de\/wp-content\/uploads\/2024\/07\/Beach-drink-on-beach-1870x1247.jpg 1870w, https:\/\/padereducation.de\/wp-content\/uploads\/2024\/07\/Beach-drink-on-beach-400x267.jpg 400w, https:\/\/padereducation.de\/wp-content\/uploads\/2024\/07\/Beach-drink-on-beach-800x533.jpg 800w, https:\/\/padereducation.de\/wp-content\/uploads\/2024\/07\/Beach-drink-on-beach.jpg 1920w\" sizes=\"(max-width: 1024px) 100vw, 1024px\" \/><\/figure>\n\n\n\n<h5 class=\"wp-block-heading\">Gab es Herausforderungen, gar Schiffbr\u00fcche?<\/h5>\n\n\n\n<figure class=\"wp-block-image size-full is-resized\"><img decoding=\"async\" width=\"960\" height=\"638\" src=\"https:\/\/padereducation.de\/wp-content\/uploads\/2024\/07\/Beach-boat-1292642_960_720.jpg\" alt=\"Strand mit einem schiffbr\u00fcchig gewordenem Boot\" class=\"wp-image-718\" style=\"width:839px;height:auto\" srcset=\"https:\/\/padereducation.de\/wp-content\/uploads\/2024\/07\/Beach-boat-1292642_960_720.jpg 960w, https:\/\/padereducation.de\/wp-content\/uploads\/2024\/07\/Beach-boat-1292642_960_720-300x199.jpg 300w, https:\/\/padereducation.de\/wp-content\/uploads\/2024\/07\/Beach-boat-1292642_960_720-768x510.jpg 768w, https:\/\/padereducation.de\/wp-content\/uploads\/2024\/07\/Beach-boat-1292642_960_720-400x266.jpg 400w, https:\/\/padereducation.de\/wp-content\/uploads\/2024\/07\/Beach-boat-1292642_960_720-800x532.jpg 800w\" sizes=\"(max-width: 960px) 100vw, 960px\" \/><\/figure>\n\n\n\n<h5 class=\"wp-block-heading\">Hilfe bei der Gedankenreis durch Impressionen<\/h5>\n\n\n\n<p>Die folgenden Fotos (unter freier Lizenz) m\u00f6gen eine weitere Inspirationsquelle f\u00fcr deine Gedankenreise an den Strand sein.<\/p>\n\n\n\n<figure class=\"wp-block-gallery has-nested-images columns-default is-cropped wp-block-gallery-2 is-layout-flex wp-block-gallery-is-layout-flex\">\n<figure class=\"wp-block-image size-full\"><img decoding=\"async\" width=\"2560\" height=\"1396\" data-id=\"723\" src=\"https:\/\/padereducation.de\/wp-content\/uploads\/2024\/07\/Welle-2017-09-25-07-58-32-scaled.jpg\" alt=\"\" class=\"wp-image-723\" srcset=\"https:\/\/padereducation.de\/wp-content\/uploads\/2024\/07\/Welle-2017-09-25-07-58-32-scaled.jpg 2560w, https:\/\/padereducation.de\/wp-content\/uploads\/2024\/07\/Welle-2017-09-25-07-58-32-300x164.jpg 300w, https:\/\/padereducation.de\/wp-content\/uploads\/2024\/07\/Welle-2017-09-25-07-58-32-1024x558.jpg 1024w, https:\/\/padereducation.de\/wp-content\/uploads\/2024\/07\/Welle-2017-09-25-07-58-32-768x419.jpg 768w, https:\/\/padereducation.de\/wp-content\/uploads\/2024\/07\/Welle-2017-09-25-07-58-32-1536x838.jpg 1536w, https:\/\/padereducation.de\/wp-content\/uploads\/2024\/07\/Welle-2017-09-25-07-58-32-2048x1117.jpg 2048w, https:\/\/padereducation.de\/wp-content\/uploads\/2024\/07\/Welle-2017-09-25-07-58-32-1870x1020.jpg 1870w, https:\/\/padereducation.de\/wp-content\/uploads\/2024\/07\/Welle-2017-09-25-07-58-32-400x218.jpg 400w, https:\/\/padereducation.de\/wp-content\/uploads\/2024\/07\/Welle-2017-09-25-07-58-32-800x436.jpg 800w\" sizes=\"(max-width: 2560px) 100vw, 2560px\" \/><\/figure>\n\n\n\n<figure class=\"wp-block-image size-full\"><img decoding=\"async\" width=\"474\" height=\"314\" data-id=\"720\" src=\"https:\/\/padereducation.de\/wp-content\/uploads\/2024\/07\/Welle-th-270032138.jpg\" alt=\"\" class=\"wp-image-720\" srcset=\"https:\/\/padereducation.de\/wp-content\/uploads\/2024\/07\/Welle-th-270032138.jpg 474w, https:\/\/padereducation.de\/wp-content\/uploads\/2024\/07\/Welle-th-270032138-300x199.jpg 300w, https:\/\/padereducation.de\/wp-content\/uploads\/2024\/07\/Welle-th-270032138-400x265.jpg 400w\" sizes=\"(max-width: 474px) 100vw, 474px\" \/><\/figure>\n\n\n\n<figure class=\"wp-block-image size-full\"><img decoding=\"async\" width=\"960\" height=\"640\" data-id=\"721\" src=\"https:\/\/padereducation.de\/wp-content\/uploads\/2024\/07\/Welle-waves-928205_960_720.jpg\" alt=\"\" class=\"wp-image-721\" srcset=\"https:\/\/padereducation.de\/wp-content\/uploads\/2024\/07\/Welle-waves-928205_960_720.jpg 960w, https:\/\/padereducation.de\/wp-content\/uploads\/2024\/07\/Welle-waves-928205_960_720-300x200.jpg 300w, https:\/\/padereducation.de\/wp-content\/uploads\/2024\/07\/Welle-waves-928205_960_720-768x512.jpg 768w, https:\/\/padereducation.de\/wp-content\/uploads\/2024\/07\/Welle-waves-928205_960_720-400x267.jpg 400w, https:\/\/padereducation.de\/wp-content\/uploads\/2024\/07\/Welle-waves-928205_960_720-800x533.jpg 800w\" sizes=\"(max-width: 960px) 100vw, 960px\" \/><\/figure>\n\n\n\n<figure class=\"wp-block-image size-full\"><img decoding=\"async\" width=\"1280\" height=\"800\" data-id=\"722\" src=\"https:\/\/padereducation.de\/wp-content\/uploads\/2024\/07\/Welle-ws_Sea_Waves_1280x1024.jpg\" alt=\"\" class=\"wp-image-722\" srcset=\"https:\/\/padereducation.de\/wp-content\/uploads\/2024\/07\/Welle-ws_Sea_Waves_1280x1024.jpg 1280w, https:\/\/padereducation.de\/wp-content\/uploads\/2024\/07\/Welle-ws_Sea_Waves_1280x1024-300x188.jpg 300w, https:\/\/padereducation.de\/wp-content\/uploads\/2024\/07\/Welle-ws_Sea_Waves_1280x1024-1024x640.jpg 1024w, https:\/\/padereducation.de\/wp-content\/uploads\/2024\/07\/Welle-ws_Sea_Waves_1280x1024-768x480.jpg 768w, https:\/\/padereducation.de\/wp-content\/uploads\/2024\/07\/Welle-ws_Sea_Waves_1280x1024-400x250.jpg 400w, https:\/\/padereducation.de\/wp-content\/uploads\/2024\/07\/Welle-ws_Sea_Waves_1280x1024-800x500.jpg 800w\" sizes=\"(max-width: 1280px) 100vw, 1280px\" \/><\/figure>\n<\/figure>\n\n\n\n<p><\/p>\n\n\n\n<figure class=\"wp-block-gallery has-nested-images columns-default is-cropped wp-block-gallery-3 is-layout-flex wp-block-gallery-is-layout-flex\">\n<figure class=\"wp-block-image size-large\"><img decoding=\"async\" width=\"960\" height=\"640\" data-id=\"724\" src=\"https:\/\/padereducation.de\/wp-content\/uploads\/2024\/07\/flag-846086_960_720.jpg\" alt=\"\" class=\"wp-image-724\" srcset=\"https:\/\/padereducation.de\/wp-content\/uploads\/2024\/07\/flag-846086_960_720.jpg 960w, https:\/\/padereducation.de\/wp-content\/uploads\/2024\/07\/flag-846086_960_720-300x200.jpg 300w, https:\/\/padereducation.de\/wp-content\/uploads\/2024\/07\/flag-846086_960_720-768x512.jpg 768w, https:\/\/padereducation.de\/wp-content\/uploads\/2024\/07\/flag-846086_960_720-400x267.jpg 400w, https:\/\/padereducation.de\/wp-content\/uploads\/2024\/07\/flag-846086_960_720-800x533.jpg 800w\" sizes=\"(max-width: 960px) 100vw, 960px\" \/><\/figure>\n\n\n\n<figure class=\"wp-block-image size-large\"><img decoding=\"async\" width=\"1024\" height=\"683\" data-id=\"726\" src=\"https:\/\/padereducation.de\/wp-content\/uploads\/2024\/07\/kuhe-am-strand.jpeg\" alt=\"\" class=\"wp-image-726\" srcset=\"https:\/\/padereducation.de\/wp-content\/uploads\/2024\/07\/kuhe-am-strand.jpeg 1024w, https:\/\/padereducation.de\/wp-content\/uploads\/2024\/07\/kuhe-am-strand-300x200.jpeg 300w, https:\/\/padereducation.de\/wp-content\/uploads\/2024\/07\/kuhe-am-strand-768x512.jpeg 768w, https:\/\/padereducation.de\/wp-content\/uploads\/2024\/07\/kuhe-am-strand-400x267.jpeg 400w, https:\/\/padereducation.de\/wp-content\/uploads\/2024\/07\/kuhe-am-strand-800x534.jpeg 800w\" sizes=\"(max-width: 1024px) 100vw, 1024px\" \/><\/figure>\n\n\n\n<figure class=\"wp-block-image size-large\"><img decoding=\"async\" width=\"1024\" height=\"576\" data-id=\"730\" src=\"https:\/\/padereducation.de\/wp-content\/uploads\/2024\/07\/palm-trees-on-the-beach-14888196737SI-1024x576.jpg\" alt=\"\" class=\"wp-image-730\" srcset=\"https:\/\/padereducation.de\/wp-content\/uploads\/2024\/07\/palm-trees-on-the-beach-14888196737SI-1024x576.jpg 1024w, https:\/\/padereducation.de\/wp-content\/uploads\/2024\/07\/palm-trees-on-the-beach-14888196737SI-300x169.jpg 300w, https:\/\/padereducation.de\/wp-content\/uploads\/2024\/07\/palm-trees-on-the-beach-14888196737SI-768x432.jpg 768w, https:\/\/padereducation.de\/wp-content\/uploads\/2024\/07\/palm-trees-on-the-beach-14888196737SI-1536x864.jpg 1536w, https:\/\/padereducation.de\/wp-content\/uploads\/2024\/07\/palm-trees-on-the-beach-14888196737SI-1870x1052.jpg 1870w, https:\/\/padereducation.de\/wp-content\/uploads\/2024\/07\/palm-trees-on-the-beach-14888196737SI-400x225.jpg 400w, https:\/\/padereducation.de\/wp-content\/uploads\/2024\/07\/palm-trees-on-the-beach-14888196737SI-800x450.jpg 800w, https:\/\/padereducation.de\/wp-content\/uploads\/2024\/07\/palm-trees-on-the-beach-14888196737SI.jpg 1920w\" sizes=\"(max-width: 1024px) 100vw, 1024px\" \/><\/figure>\n\n\n\n<figure class=\"wp-block-image size-large\"><img decoding=\"async\" width=\"1024\" height=\"697\" data-id=\"729\" src=\"https:\/\/padereducation.de\/wp-content\/uploads\/2024\/07\/Tropical-2017-05-31-10-43-33-1024x697.jpg\" alt=\"\" class=\"wp-image-729\" srcset=\"https:\/\/padereducation.de\/wp-content\/uploads\/2024\/07\/Tropical-2017-05-31-10-43-33-1024x697.jpg 1024w, https:\/\/padereducation.de\/wp-content\/uploads\/2024\/07\/Tropical-2017-05-31-10-43-33-300x204.jpg 300w, https:\/\/padereducation.de\/wp-content\/uploads\/2024\/07\/Tropical-2017-05-31-10-43-33-768x523.jpg 768w, https:\/\/padereducation.de\/wp-content\/uploads\/2024\/07\/Tropical-2017-05-31-10-43-33-1536x1046.jpg 1536w, https:\/\/padereducation.de\/wp-content\/uploads\/2024\/07\/Tropical-2017-05-31-10-43-33-2048x1394.jpg 2048w, https:\/\/padereducation.de\/wp-content\/uploads\/2024\/07\/Tropical-2017-05-31-10-43-33-1870x1273.jpg 1870w, https:\/\/padereducation.de\/wp-content\/uploads\/2024\/07\/Tropical-2017-05-31-10-43-33-400x272.jpg 400w, https:\/\/padereducation.de\/wp-content\/uploads\/2024\/07\/Tropical-2017-05-31-10-43-33-800x545.jpg 800w\" sizes=\"(max-width: 1024px) 100vw, 1024px\" \/><\/figure>\n\n\n\n<figure class=\"wp-block-image size-large\"><img decoding=\"async\" width=\"1024\" height=\"679\" data-id=\"725\" src=\"https:\/\/padereducation.de\/wp-content\/uploads\/2024\/07\/Tropical-2017-12-19-19-24-20-1200x796-1-1024x679.jpg\" alt=\"\" class=\"wp-image-725\" srcset=\"https:\/\/padereducation.de\/wp-content\/uploads\/2024\/07\/Tropical-2017-12-19-19-24-20-1200x796-1-1024x679.jpg 1024w, https:\/\/padereducation.de\/wp-content\/uploads\/2024\/07\/Tropical-2017-12-19-19-24-20-1200x796-1-300x199.jpg 300w, https:\/\/padereducation.de\/wp-content\/uploads\/2024\/07\/Tropical-2017-12-19-19-24-20-1200x796-1-768x509.jpg 768w, https:\/\/padereducation.de\/wp-content\/uploads\/2024\/07\/Tropical-2017-12-19-19-24-20-1200x796-1-400x265.jpg 400w, https:\/\/padereducation.de\/wp-content\/uploads\/2024\/07\/Tropical-2017-12-19-19-24-20-1200x796-1-800x531.jpg 800w, https:\/\/padereducation.de\/wp-content\/uploads\/2024\/07\/Tropical-2017-12-19-19-24-20-1200x796-1.jpg 1200w\" sizes=\"(max-width: 1024px) 100vw, 1024px\" \/><\/figure>\n\n\n\n<figure class=\"wp-block-image size-large\"><img decoding=\"async\" width=\"960\" height=\"422\" data-id=\"727\" src=\"https:\/\/padereducation.de\/wp-content\/uploads\/2024\/07\/Tropical-maldives-361244_960_720.jpg\" alt=\"\" class=\"wp-image-727\" srcset=\"https:\/\/padereducation.de\/wp-content\/uploads\/2024\/07\/Tropical-maldives-361244_960_720.jpg 960w, https:\/\/padereducation.de\/wp-content\/uploads\/2024\/07\/Tropical-maldives-361244_960_720-300x132.jpg 300w, https:\/\/padereducation.de\/wp-content\/uploads\/2024\/07\/Tropical-maldives-361244_960_720-768x338.jpg 768w, https:\/\/padereducation.de\/wp-content\/uploads\/2024\/07\/Tropical-maldives-361244_960_720-400x176.jpg 400w, https:\/\/padereducation.de\/wp-content\/uploads\/2024\/07\/Tropical-maldives-361244_960_720-800x352.jpg 800w\" sizes=\"(max-width: 960px) 100vw, 960px\" \/><\/figure>\n\n\n\n<figure class=\"wp-block-image size-large\"><img decoding=\"async\" width=\"1024\" height=\"683\" data-id=\"728\" src=\"https:\/\/padereducation.de\/wp-content\/uploads\/2024\/07\/Tropical-palm-and-beach-1024x683.jpg\" alt=\"\" class=\"wp-image-728\" srcset=\"https:\/\/padereducation.de\/wp-content\/uploads\/2024\/07\/Tropical-palm-and-beach-1024x683.jpg 1024w, https:\/\/padereducation.de\/wp-content\/uploads\/2024\/07\/Tropical-palm-and-beach-300x200.jpg 300w, https:\/\/padereducation.de\/wp-content\/uploads\/2024\/07\/Tropical-palm-and-beach-768x512.jpg 768w, https:\/\/padereducation.de\/wp-content\/uploads\/2024\/07\/Tropical-palm-and-beach-1536x1024.jpg 1536w, https:\/\/padereducation.de\/wp-content\/uploads\/2024\/07\/Tropical-palm-and-beach-1870x1247.jpg 1870w, https:\/\/padereducation.de\/wp-content\/uploads\/2024\/07\/Tropical-palm-and-beach-400x267.jpg 400w, https:\/\/padereducation.de\/wp-content\/uploads\/2024\/07\/Tropical-palm-and-beach-800x533.jpg 800w, https:\/\/padereducation.de\/wp-content\/uploads\/2024\/07\/Tropical-palm-and-beach.jpg 1920w\" sizes=\"(max-width: 1024px) 100vw, 1024px\" \/><\/figure>\n<\/figure>\n\n\n\n<h5 class=\"wp-block-heading\">Und noch etwas zum Thema &#8222;Gut zu wissen&#8220;<\/h5>\n\n\n\n<p>Die <strong>Akzeptanz- und Commitmenttherapie<\/strong> baut in der Psychotherapie auf diese positive Neubewertung negativer Emotionen auf und verbindet damit verhaltenstherapeutische Techniken mit achtsamkeits- und akzeptanzbasierten Strategien. Im Fokus liegt die Emotionsakzeptanz, die sich in der Metapher von den Wellen an der K\u00fcste (Rodr\u00edguez, Alejandro (2023). Die Metapher von den Wellen an der K\u00fcste. <em>Gedankenwelt<\/em>. https:\/\/gedankenwelt.de\/die-metapher-von-den-wellen-an-der-kueste\/) wiederfindet. Im Kern geht es darum negative Emotionen zu akzeptieren. &#8222;Die Wellen repr\u00e4sentieren die Gedanken und Emotionen, die dir nichts anhaben k\u00f6nnen. [\u2026] Aber am Ende l\u00f6sen sich alle Wellen im Sand auf, egal wie eindrucksvoll sie einst waren.&#8220; (Rodr\u00edguez, A 2023). Ver\u00e4nderungen sind auch in der Schulentwicklung normal. Der Geschwindigkeit, der M\u00e4chtigkeit und der H\u00e4ufigkeit der Wellen m\u00fcssen wir mit einer resilienten Haltung entgegentreten. Dazu sind vielf\u00e4ltige Kompetenzen notwendig, deren man sich stets im Sinne einer positiven Resonanzp\u00e4dagogik nach Hartmut Rosa bewusst sein darf.<\/p>\n\n\n\n<h5 class=\"wp-block-heading\">Quellen und weiterf\u00fchrende Links<\/h5>\n\n\n\n<p>Quarks. (2018b, Oktober 17). <em>Die Welle und ihre Physik | Quarks<\/em> Video. YouTube. <a href=\"https:\/\/www.youtube.com\/watch?v=7diABngfMRI\">https:\/\/www.youtube.com\/watch?v=7diABngfMRI<\/a><br \/>Quarks. (2018, 15. Oktober). <em>Monsterwellen: Seemannsgarn oder reale Gefahr? | Quarks<\/em> Video. YouTube. <a href=\"https:\/\/www.youtube.com\/watch?v=l_uvq_x02UI\">https:\/\/www.youtube.com\/watch?v=l_uvq_x02UI<\/a><\/p>\n\n\n\n<p><strong>Akzeptanz- und Commitmenttherapie<\/strong><br \/>Rodr\u00edguez, A. (2023, 17. Januar). Die Metapher von den Wellen an der K\u00fcste. <em>Gedankenwelt<\/em>. https:\/\/gedankenwelt.de\/die-metapher-von-den-wellen-an-der-kueste\/<br \/>Wikipedia-Autoren. (2008, 11. April). <em>Akzeptanz- und Commitmenttherapie<\/em>. <a href=\"https:\/\/de.wikipedia.org\/wiki\/Akzeptanz-_und_Commitmenttherapie\">https:\/\/de.wikipedia.org\/wiki\/Akzeptanz-_und_Commitmenttherapie<\/a><\/p>\n\n\n\n<p><strong>weitere Metaphern f\u00fcr den Strand<\/strong><br \/>Williams, L. (2024, 6. M\u00e4rz). <em>17 Strand-Metaphern und -Gleichnisse, die begeistern! &#8211; Dutchdesign Symbols<\/em>. Dutchdesign Symbols. <a href=\"https:\/\/dutchdesign.blog\/17-strand-metaphern-und-gleichnisse-die-begeistern\">https:\/\/dutchdesign.blog\/17-strand-metaphern-und-gleichnisse-die-begeistern<\/a><\/p>\n\n\n\n<p><strong>Die Pinguin-Metapher<\/strong><br \/>Muu\u00df-Merholz, J\u00f6ran (2021) _Das Medium des Pinguins \u2013 die blaue und die gr\u00fcne Medienwelt (2021er Version; NLQ-Impulse 9 &#8211; Medienberatung Niedersachsen) Video. YouTube. <a href=\"https:\/\/www.youtube.com\/watch?v=Z8O8Ls1R8lU\">https:\/\/www.youtube.com\/watch?v=Z8O8Ls1R8lU<\/a><\/p>\n\n\n\n<p><strong>Zitiervorschlag<\/strong> <strong>dieser Seite <\/strong><br \/>J\u00f6rg B\u00fccker (2024) Die Strandmetapher. <a href=\"https:\/\/padereducation.de\/?p=709\">https:\/\/padereducation.de\/?p=709<\/a>. CC BY-SA 4.0<\/p>\n","protected":false},"excerpt":{"rendered":"<p><span class=\"span-reading-time rt-reading-time\" style=\"display: block;\"><span class=\"rt-label rt-prefix\">Lesedauer<\/span> <span class=\"rt-time\"> 7<\/span> <span class=\"rt-label rt-postfix\">Minuten<\/span><\/span>CC BY-SA 4.0 J\u00f6rg B\u00fccker Einleitung Der Strand \u2013 ein Bereich, an dem das Land das Meer ber\u00fchrt und eine Metapher f\u00fcr die \u00dcberg\u00e4nge und Ver\u00e4nderungen im Schulleben. Hier treffen unterschiedliche Welten aufeinander: das vermeintlich best\u00e4ndige Land und das unvorhersehbare Meer. Der Strand symbolisiert den \u00dcbergang zwischen dem Bekannten und dem Unbekannten, zwischen Sicherheit und [&hellip;]<\/p>\n","protected":false},"author":2,"featured_media":714,"comment_status":"open","ping_status":"open","sticky":false,"template":"","format":"standard","meta":{"footnotes":""},"categories":[8,14,12,33],"tags":[53,54],"class_list":["post-709","post","type-post","status-publish","format-standard","has-post-thumbnail","hentry","category-fortbildung","category-lebensschule","category-prozessbegleitung","category-schule-im-wandel","tag-metapher","tag-schulentwicklung","has-thumbnail"],"_links":{"self":[{"href":"https:\/\/padereducation.de\/index.php?rest_route=\/wp\/v2\/posts\/709","targetHints":{"allow":["GET"]}}],"collection":[{"href":"https:\/\/padereducation.de\/index.php?rest_route=\/wp\/v2\/posts"}],"about":[{"href":"https:\/\/padereducation.de\/index.php?rest_route=\/wp\/v2\/types\/post"}],"author":[{"embeddable":true,"href":"https:\/\/padereducation.de\/index.php?rest_route=\/wp\/v2\/users\/2"}],"replies":[{"embeddable":true,"href":"https:\/\/padereducation.de\/index.php?rest_route=%2Fwp%2Fv2%2Fcomments&post=709"}],"version-history":[{"count":20,"href":"https:\/\/padereducation.de\/index.php?rest_route=\/wp\/v2\/posts\/709\/revisions"}],"predecessor-version":[{"id":783,"href":"https:\/\/padereducation.de\/index.php?rest_route=\/wp\/v2\/posts\/709\/revisions\/783"}],"wp:featuredmedia":[{"embeddable":true,"href":"https:\/\/padereducation.de\/index.php?rest_route=\/wp\/v2\/media\/714"}],"wp:attachment":[{"href":"https:\/\/padereducation.de\/index.php?rest_route=%2Fwp%2Fv2%2Fmedia&parent=709"}],"wp:term":[{"taxonomy":"category","embeddable":true,"href":"https:\/\/padereducation.de\/index.php?rest_route=%2Fwp%2Fv2%2Fcategories&post=709"},{"taxonomy":"post_tag","embeddable":true,"href":"https:\/\/padereducation.de\/index.php?rest_route=%2Fwp%2Fv2%2Ftags&post=709"}],"curies":[{"name":"wp","href":"https:\/\/api.w.org\/{rel}","templated":true}]}}