{"id":553,"date":"2022-12-04T08:10:38","date_gmt":"2022-12-04T07:10:38","guid":{"rendered":"https:\/\/padereducation.de\/?p=553"},"modified":"2024-01-10T05:47:28","modified_gmt":"2024-01-10T04:47:28","slug":"der-vierte-anforderungsbereich-visionen-entwickeln","status":"publish","type":"post","link":"https:\/\/padereducation.de\/?p=553","title":{"rendered":"Der vierte Anforderungsbereich: Visionen entwickeln"},"content":{"rendered":"<span class=\"span-reading-time rt-reading-time\" style=\"display: block;\"><span class=\"rt-label rt-prefix\">Lesedauer<\/span> <span class=\"rt-time\"> 3<\/span> <span class=\"rt-label rt-postfix\">Minuten<\/span><\/span>\n<p><strong>Die drei Anforderungsbereiche<\/strong><br>Allen Lehrenden sind die drei Anforderungsbereiche bekannt:<br>1. Anforderungsbereich \u2014&gt; Reproduktion (Wissen \/ Kennen)<br>2. Anforderungsbereich \u2014&gt; Organisation und Transfer (Anwenden \/ \u00dcbertragen)<br>3. Anforderungsbereich \u2014&gt; Probleml\u00f6sung und Urteilsfindung (Urteilen \/ Bewerten)<\/p>\n\n\n\n<p>Passen diese ausschlie\u00dflichen drei Anforderungsbereiche aber noch in die heutige Zeit? Geht es in einer st\u00e4ndig durch Krisen gest\u00f6rten Pers\u00f6nlichkeitsentwicklung wirklich nur um die Bew\u00e4ltigung von Problemen? Wird somit das Agieren nicht nur auf ein Re-Agieren reduziert? <br>An vielen Stellen der Erwachsenenbildung ist von agilen Teamstrukturen, von agilen Innovations-Strategien und gar von einer agiler Schule die Rede, doch bilden die bisherigen drei Anforderungsbereiche diese Agilit\u00e4t im System Schule ab?<\/p>\n\n\n\n<p>Vielleicht lohnt sich ein Blick auf die Entwicklung in der fr\u00fchen Kindheit: Kinder haben von Natur aus Vorstellungen, die wir Visionen nennen k\u00f6nnen. Kinder spielen kommunikativ und kreativ zusammen. Sie leben dabei in einer Fantasiewelt. So bringen sie einem z.B. ein \u201eEis mit einer Eiskugel\u201c, die jedoch real aus Sand besteht. Die Kinder und auch die Erwachsenen wissen, dass es sich dabei nicht wirklich um ein Eis im klassischen Sinn der Erwachsenen handelt. Trotzdem betrachten alle Beteiligten diese Fantasiewelt spielerisch als ihre momentane Realit\u00e4t. Die Fantasiewelt ist also eine Vision. Die Fantasiewelt eines Kindes ist ein selbstverst\u00e4ndlicher Bestandteil ihres Lebens.<\/p>\n\n\n\n<p>Durchlaufen die Kinder und Jugendlichen das klassische Schulsystem, so geht es bis zum Ende der Schulzeit h\u00e4ufig und anscheinend nur noch um Realit\u00e4ten, um die Kenntnis und das Wissen \u00fcber verschiedene Sichtweisen, um die Anwendung und \u00dcbertragbarkeit auf andere Situationen und Begebenheiten sowie um die Probleml\u00f6sung und Urteilsbildung mit bekannten und oft erprobten L\u00f6sungsstrategien auf Grundlage vorhandener Anforderungen. Entspricht diese den Anforderungen des 21. Jahrhunderts?<\/p>\n\n\n\n<p><em>An dieser Stelle seien die Begriffe und Modelle <a rel=\"noreferrer noopener\" href=\"https:\/\/ebildungslabor.de\/sub\/offener-kurs\/einheit7.html\" data-type=\"URL\" data-id=\"https:\/\/ebildungslabor.de\/sub\/offener-kurs\/einheit7.html\" target=\"_blank\">4K<\/a>, <a rel=\"noreferrer noopener\" href=\"https:\/\/www.bertelsmann-stiftung.de\/de\/unsere-projekte\/in-vielfalt-besser-lernen\/projektthemen\/digitalisierung\/21st-century-skills\" data-type=\"URL\" data-id=\"https:\/\/www.bertelsmann-stiftung.de\/de\/unsere-projekte\/in-vielfalt-besser-lernen\/projektthemen\/digitalisierung\/21st-century-skills\" target=\"_blank\">21st Century Skills<\/a> sowie <a rel=\"noreferrer noopener\" href=\"https:\/\/www.resilienz-akademie.com\/bani-statt-vuca-die-neue-welt\/\" data-type=\"URL\" data-id=\"https:\/\/www.resilienz-akademie.com\/bani-statt-vuca-die-neue-welt\/\" target=\"_blank\">VUCA vs. BANI<\/a> und der <a rel=\"noreferrer noopener\" href=\"https:\/\/projekte-leicht-gemacht.de\/blog\/projektmanagement\/cynefin-framework\/\" data-type=\"URL\" data-id=\"https:\/\/projekte-leicht-gemacht.de\/blog\/projektmanagement\/cynefin-framework\/\" target=\"_blank\">Cynefin-Workframe<\/a> Ihrer Literatur empfohlen. Eine informative und vernetzende Darstellung vieler Aspekte finden Sie bei <a rel=\"noreferrer noopener\" href=\"https:\/\/www.vedducation.de\/\" data-type=\"URL\" data-id=\"https:\/\/www.vedducation.de\/\" target=\"_blank\">Jan Vetter<\/a> &#8211; <a rel=\"noreferrer noopener\" href=\"https:\/\/www.vedducation.de\/2019\/04\/07\/schule-im-wandel-eine-geschichte-in-15-bildern\/\" data-type=\"URL\" data-id=\"https:\/\/www.vedducation.de\/2019\/04\/07\/schule-im-wandel-eine-geschichte-in-15-bildern\/\" target=\"_blank\">Schule im Wandel<\/a>.<\/em><\/p>\n\n\n\n<p>In der Schulzeit wird oft ein Gro\u00dfteil der fr\u00fchkindlichen Fantasiewelt ab-gelernt. Wenn Teile dieser Welt in der Schule \u00fcberleben, dann h\u00e4ufig in musisch-k\u00fcnstlerisch kreativem Bereich &#8211; hier werden diese Fantasiewelten zumeist noch gepflegt und dessen Weiterbildung erm\u00f6glicht. Sollte Lernen in Schule nicht vielmehr eine Grundlage schaffen, die eigenen kreativen Visionen zu kommunizieren und ko-konstruktiv ausgestalten zu k\u00f6nnen?<\/p>\n\n\n\n<p><br><strong>Die Notwendigkeit des vierten Anforderungsbereichs?<\/strong><br>Wo brauchen wir Visionen in unserem Leben? Wo ist die Fantasie, wo ist Kreativit\u00e4t gefragt? Wissen Lernende, wie sie zuk\u00fcnftig leben wollen, wie sie arbeiten wollen, was sie zu-frieden macht? In der globalisierten, medial stark geforderten VUCA-Welt gilt erst recht: <em>\u201eProbleme kann man niemals mit derselben Denkweise l\u00f6sen, durch die sie entstanden sind.\u201c (Albert Einstein)<\/em>. Vielmehr m\u00fcssen agile Lernkonstruktionen geschaffen werden, die die Lernenden dazu bef\u00e4higen, sich auf neue, bisher noch nicht existierende Herausforderungen einzulassen. <br><\/p>\n\n\n\n<p><strong>Abschied vom Lernen im Gleichschritt<\/strong><br><em>\u201eAlle gleichaltrigen Sch\u00fcler haben zum gleichen Zeitpunkt beim gleichen Lehrer im gleichen Raum mit den gleichen Mitteln das gleiche Ziel gut zu erreichen.\u201c<br>(<a rel=\"noreferrer noopener\" href=\"http:\/\/andreas-helmke.de\/wordpress\/wp-content\/uploads\/2015\/11\/Paedagogik_2_13_Helmke_Individualisierung.pdf\" data-type=\"URL\" data-id=\"http:\/\/andreas-helmke.de\/wordpress\/wp-content\/uploads\/2015\/11\/Paedagogik_2_13_Helmke_Individualisierung.pdf\" target=\"_blank\">Helmke 2013<\/a>)<\/em><\/p>\n\n\n\n<p>Etwas grammatikalisch korrekter k\u00f6nnte der Satz lauten: <em>\u201eAlle etwa gleichaltrigen Sch\u00fcler*innen haben zum selben Zeitpunkt bei derselben Lehrkraft im selben Raum mit den gleichen Mitteln dasselbe Ziel gleich gut zu erreichen\u201c<\/em>. (<a rel=\"noreferrer noopener\" href=\"https:\/\/schule21.blog\/2020\/06\/15\/abschied-von-lernen-im-gleichschritt-corona-als-chance-fuer-neues-lernen\/\" data-type=\"URL\" data-id=\"https:\/\/schule21.blog\/2020\/06\/15\/abschied-von-lernen-im-gleichschritt-corona-als-chance-fuer-neues-lernen\/\" target=\"_blank\">D\u00f6ttinger,&nbsp;Ina und Christina Lang-Winter 2020<\/a>)<\/p>\n\n\n\n<p>Diesen Gleichschrittgedanken k\u00f6nnen wir ersetzen durch eine V-8-Lernbegleitung: \u201eAuf <strong>v<\/strong>ielf\u00e4ltigen Wegen mit <strong>v<\/strong>ielf\u00e4ltigen Menschen an <strong>v<\/strong>ielf\u00e4ltigen Orten zu <strong>v<\/strong>ielf\u00e4ltigsten Zeiten mit <strong>v<\/strong>ielf\u00e4ltigen Materialen in <strong>v<\/strong>ielf\u00e4ltigen Schritten mit <strong>v<\/strong>ielf\u00e4ltigen Ideen in <strong>v<\/strong>ielf\u00e4ltigen Rhythmen zu gemeinsamen Zielen\u201c (<a href=\"https:\/\/asw-wutoeschingen.de\/sekundarstufe-1#Schmetterling\" data-type=\"URL\" data-id=\"https:\/\/www.alemannenschule-wutoeschingen.de\/lernen-3-0\/\" target=\"_blank\" rel=\"noreferrer noopener\">Allemannenschule Wut\u00f6schingen<\/a>).<\/p>\n\n\n\n<p>Betrachtet man das Lernen unter diesem Blickwinkel, so k\u00f6nnte eine sinnf\u00e4llige Erweiterung darin bestehen, die bisherigen drei Anforderungsbereiche um den vierten Bereich \u201e<strong>Visionen entwickeln<\/strong>\u201c zu erweitern. Er bietet auch die Br\u00fccke zu neuen Lernaufgaben und zu neuen \u00dcberpr\u00fcfungsformen im Sinne neuer Pr\u00fcfungsformate (siehe hier <a rel=\"noreferrer noopener\" href=\"https:\/\/pruefungskultur.de\/\" data-type=\"URL\" data-id=\"https:\/\/pruefungskultur.de\/\" target=\"_blank\">Zeitgem\u00e4\u00dfe Pr\u00fcfungskultur<\/a>). <\/p>\n\n\n\n<p>Visionen k\u00f6nnen aber auch wieder als Grundlage und Ausgangspunkt gesehen werden. Sie kn\u00fcpfen so an Realit\u00e4ten an. Und in Verbindung mit stetigen Reflexionen k\u00f6nnen so agile Haltung gef\u00f6rdert und agile MindSets entwickelt werden. Letztlich f\u00fchrt dieser 4. Anforderungsbereich somit zu einer vertieften und die Agilit\u00e4t wertsch\u00e4tzenden Pers\u00f6nlichkeitsentwicklung (siehe u.a. auch <strong><a rel=\"noreferrer noopener\" href=\"https:\/\/www.pedocs.de\/volltexte\/2017\/14751\/pdf\/LbP_2014_2_Kosinar_Typenspezifischer_Umgang.pdf\" data-type=\"URL\" data-id=\"https:\/\/www.pedocs.de\/volltexte\/2017\/14751\/pdf\/LbP_2014_2_Kosinar_Typenspezifischer_Umgang.pdf\" target=\"_blank\">personenorientierten Professionalisierungsprozess<\/a><\/strong> bei <a rel=\"noreferrer noopener\" href=\"https:\/\/phzh.ch\/personen\/julia.kosinar\" data-type=\"URL\" data-id=\"https:\/\/phzh.ch\/personen\/julia.kosinar\" target=\"_blank\">Julia Ko\u0161in\u00e1r<\/a>).<br><\/p>\n\n\n\n<p><em><strong>Weiterf\u00fchrende Literaturempfehlung zur Agilit\u00e4t und Bildung:<\/strong><br><a rel=\"noreferrer noopener\" href=\"https:\/\/padereducation.de\/wp-content\/uploads\/2022\/12\/Kantereit-Tim-u.a.-2021-Agilitaet-und-Bildung.-Ein-Reisefuehrer-durch-die-Welt-der-Agilitaet..pdf\" target=\"_blank\">Kantereit, Tim u.a. (2021) Agilit\u00e4t und Bildung. Ein Reisef\u00fchrer durch die Welt der Agilit\u00e4t. (CC-BY-SA)<\/a><\/em><\/p>\n","protected":false},"excerpt":{"rendered":"<p><span class=\"span-reading-time rt-reading-time\" style=\"display: block;\"><span class=\"rt-label rt-prefix\">Lesedauer<\/span> <span class=\"rt-time\"> 3<\/span> <span class=\"rt-label rt-postfix\">Minuten<\/span><\/span>Die drei AnforderungsbereicheAllen Lehrenden sind die drei Anforderungsbereiche bekannt:1. Anforderungsbereich \u2014&gt; Reproduktion (Wissen \/ Kennen)2. Anforderungsbereich \u2014&gt; Organisation und Transfer (Anwenden \/ \u00dcbertragen)3. Anforderungsbereich \u2014&gt; Probleml\u00f6sung und Urteilsfindung (Urteilen \/ Bewerten) Passen diese ausschlie\u00dflichen drei Anforderungsbereiche aber noch in die heutige Zeit? Geht es in einer st\u00e4ndig durch Krisen gest\u00f6rten Pers\u00f6nlichkeitsentwicklung wirklich nur um die [&hellip;]<\/p>\n","protected":false},"author":2,"featured_media":595,"comment_status":"closed","ping_status":"closed","sticky":false,"template":"","format":"standard","meta":{"footnotes":""},"categories":[14,33],"tags":[37,36,48,35,39,41,40,44,46,47,49,38,19,34,45],"class_list":["post-553","post","type-post","status-publish","format-standard","has-post-thumbnail","hentry","category-lebensschule","category-schule-im-wandel","tag-21st-century-skills","tag-4k","tag-agilitaet","tag-bani","tag-fantasie","tag-kompetenzbereiche","tag-kompetenzen","tag-kreativitaet","tag-leben","tag-lebenswirklichkeit","tag-lernkonstruktionen","tag-visionen","tag-vuca","tag-wandel","tag-zukunft","has-thumbnail"],"_links":{"self":[{"href":"https:\/\/padereducation.de\/index.php?rest_route=\/wp\/v2\/posts\/553","targetHints":{"allow":["GET"]}}],"collection":[{"href":"https:\/\/padereducation.de\/index.php?rest_route=\/wp\/v2\/posts"}],"about":[{"href":"https:\/\/padereducation.de\/index.php?rest_route=\/wp\/v2\/types\/post"}],"author":[{"embeddable":true,"href":"https:\/\/padereducation.de\/index.php?rest_route=\/wp\/v2\/users\/2"}],"replies":[{"embeddable":true,"href":"https:\/\/padereducation.de\/index.php?rest_route=%2Fwp%2Fv2%2Fcomments&post=553"}],"version-history":[{"count":33,"href":"https:\/\/padereducation.de\/index.php?rest_route=\/wp\/v2\/posts\/553\/revisions"}],"predecessor-version":[{"id":614,"href":"https:\/\/padereducation.de\/index.php?rest_route=\/wp\/v2\/posts\/553\/revisions\/614"}],"wp:featuredmedia":[{"embeddable":true,"href":"https:\/\/padereducation.de\/index.php?rest_route=\/wp\/v2\/media\/595"}],"wp:attachment":[{"href":"https:\/\/padereducation.de\/index.php?rest_route=%2Fwp%2Fv2%2Fmedia&parent=553"}],"wp:term":[{"taxonomy":"category","embeddable":true,"href":"https:\/\/padereducation.de\/index.php?rest_route=%2Fwp%2Fv2%2Fcategories&post=553"},{"taxonomy":"post_tag","embeddable":true,"href":"https:\/\/padereducation.de\/index.php?rest_route=%2Fwp%2Fv2%2Ftags&post=553"}],"curies":[{"name":"wp","href":"https:\/\/api.w.org\/{rel}","templated":true}]}}